[{"@context":"https:\/\/schema.org\/","@type":"Article","@id":"https:\/\/www.teris.cz\/v-lete-se-nemusime-jenom-potit\/#Article","mainEntityOfPage":"https:\/\/www.teris.cz\/v-lete-se-nemusime-jenom-potit\/","headline":"V l\u00e9t\u011b se nemus\u00edme jenom potit","name":"V l\u00e9t\u011b se nemus\u00edme jenom potit","description":"Jestli lidem v l\u00e9t\u011b n\u011bco vysloven\u011b p\u0159ich\u00e1z\u00ed k duhu, jsou to baz\u00e9ny. A jestli n\u011bkdo n\u011bkomu v tomto obdob\u00ed \u010dasto &hellip; ","datePublished":"2022-06-08","dateModified":"2023-05-30","author":{"@type":"Person","@id":"https:\/\/www.teris.cz\/author\/#Person","name":"","url":"https:\/\/www.teris.cz\/author\/","identifier":1,"image":{"@type":"ImageObject","@id":"https:\/\/secure.gravatar.com\/avatar\/1fd5b20daa9a47a1102459a7c733d369075d8cc724ab489feb8ed72c657d346e?s=96&d=mm&r=g","url":"https:\/\/secure.gravatar.com\/avatar\/1fd5b20daa9a47a1102459a7c733d369075d8cc724ab489feb8ed72c657d346e?s=96&d=mm&r=g","height":96,"width":96}},"publisher":{"@type":"Organization","name":"teris.cz","logo":{"@type":"ImageObject","@id":"\/logo.png","url":"\/logo.png","width":600,"height":60}},"image":{"@type":"ImageObject","@id":"https:\/\/www.teris.cz\/wp-content\/uploads\/kv%C4%9Bt%20na%20hladin%C4%9B_2.jpg","url":"https:\/\/www.teris.cz\/wp-content\/uploads\/kv%C4%9Bt%20na%20hladin%C4%9B_2.jpg","height":0,"width":0},"url":"https:\/\/www.teris.cz\/v-lete-se-nemusime-jenom-potit\/","about":["N\u00e1kupy"],"wordCount":449,"articleBody":"   Jestli lidem v l\u00e9t\u011b n\u011bco vysloven\u011b p\u0159ich\u00e1z\u00ed k duhu, jsou to baz\u00e9ny. A jestli n\u011bkdo n\u011bkomu v tomto obdob\u00ed \u010dasto n\u011bco z\u00e1vid\u00ed, pak z\u00e1vid\u00ed ti, kdo baz\u00e9ny nemaj\u00ed, t\u011bm, kdo u\u017e si je po\u0159\u00eddili. A z\u00e1vid\u00ed sv\u00fdm zp\u016fsobem pln\u00fdm pr\u00e1vem, proto\u017ee m\u00edt baz\u00e9n a moci se v n\u011bm podle pot\u0159eby smo\u010dit, to je p\u0159ece skv\u011bl\u00e1 v\u011bc. I kdy\u017e na druhou stranu nen\u00ed pochopiteln\u011b nutn\u00e9 n\u011bkomu z\u00e1vid\u011bt, proto\u017ee si u\u017e dnes m\u016f\u017ee po\u0159\u00eddit sv\u016fj baz\u00e9n ka\u017ed\u00fd. A jedinou mo\u017enou komplikac\u00ed je tu skute\u010dnost, \u017ee je t\u0159eba zajistit si i m\u00edsto, kam by si novope\u010den\u00fd majitel baz\u00e9nu takovouto svoji soukromou vodn\u00ed n\u00e1dr\u017e um\u00edstil. Proto\u017ee ne ka\u017ed\u00fd m\u00e1 pochopiteln\u011b svou zahradu u domu nebo jin\u00fd pozemek.Pokud tedy n\u011bkdo po baz\u00e9nu tou\u017e\u00ed, m\u016f\u017ee ho m\u00edt. Na tom nen\u00ed nic nedosa\u017eiteln\u00e9ho, proto\u017ee se u n\u00e1s tento sortiment prod\u00e1v\u00e1 leckde a sta\u010d\u00ed si ho tedy vlastn\u011b jenom koupit, p\u0159inejhor\u0161\u00edm objednat.A kdo chce, ten pochopiteln\u011b m\u016f\u017ee m\u00edt p\u0159esn\u011b takov\u00fd baz\u00e9n, jak\u00fd si usmysl\u00ed. Na v\u00fdb\u011br je u n\u00e1s z tolika r\u016fzn\u00fdch alternativ, \u017ee je snad p\u0159\u00edmo nep\u0159edstaviteln\u00e9, aby si tu n\u011bkdo nevybral. Sta\u010d\u00ed si prohl\u00e9dnout nab\u00eddky a zv\u00e1\u017eit, co je tu to prav\u00e9.Pro kdekoho je nejatraktivn\u011bj\u0161\u00ed t\u0159eba baz\u00e9n kopan\u00fd. A pro\u010d by tak\u00e9 ne? V\u017edy\u0165 u n\u011b\u010deho jako jsou dokonce kopan\u00e9 baz\u00e9ny na kl\u00ed\u010d cena nen\u00ed odrazuj\u00edc\u00ed, n\u011bco podobn\u00e9ho lehce ufinancuje kdokoliv z n\u00e1s. A kdo na to m\u00e1, ten se p\u0159ece nebude v l\u00e9t\u011b zbyte\u010dn\u011b tr\u00fdznit vedrem, ten se nebude koupat ve vlastn\u00edm potu, kdy\u017e se m\u016f\u017ee m\u00edsto toho koupat v baz\u00e9nu.A kdy\u017e chce m\u00edt n\u011bkdo baz\u00e9n na m\u00edru, a\u0165 si ho klidn\u011b m\u00e1. Pro\u010d by ne? Spolehliv\u00ed dodavatel\u00e9 mu ho klidn\u011b vyrob\u00ed a na cen\u011b u\u017e se tu dohodnou podle individu\u00e1ln\u00edch podm\u00ednek.Zd\u00e1 se, \u017ee u\u017e je letos po sez\u00f3n\u011b, ale na takov\u00fd baz\u00e9n nen\u00ed nikdy pozd\u011b. I kdybychom ho u\u017e nevyu\u017eili letos, bude i p\u0159\u00ed\u0161t\u00ed rok l\u00e9to a s n\u00edm i letn\u00ed po\u010das\u00ed, kdy se vykoup\u00e1n\u00ed hod\u00ed. A to bez ohledu na to, zda v baz\u00e9nu obd\u00e9ln\u00edkov\u00e9m, p\u0159elivov\u00e9m, zaoblen\u00e9m, ov\u00e1ln\u00e9m nebo kruhov\u00e9m.                                                                                                                                                                                                                                                                                                                                                                                          3.2\/5 - (4 votes)        "},{"@context":"https:\/\/schema.org\/","@type":"BreadcrumbList","itemListElement":[{"@type":"ListItem","position":1,"name":"V l\u00e9t\u011b se nemus\u00edme jenom potit","item":"https:\/\/www.teris.cz\/v-lete-se-nemusime-jenom-potit\/#breadcrumbitem"}]}]