[{"@context":"https:\/\/schema.org\/","@type":"Article","@id":"https:\/\/www.teris.cz\/prace-s-leky\/#Article","mainEntityOfPage":"https:\/\/www.teris.cz\/prace-s-leky\/","headline":"Pr\u00e1ce s l\u00e9ky","name":"Pr\u00e1ce s l\u00e9ky","description":"Vzpom\u00edn\u00e1m si, kdy\u017e jsem sh\u00e1n\u011bla pr\u00e1ci, kdy\u017e jsem dod\u011blala zdravotn\u00ed \u0161kolu. M\u016fj sen byl pracovat v l\u00e9k\u00e1rn\u011b, jenom\u017ee po mn\u011b &hellip; ","datePublished":"2022-11-28","dateModified":"2023-05-30","author":{"@type":"Person","@id":"https:\/\/www.teris.cz\/author\/#Person","name":"","url":"https:\/\/www.teris.cz\/author\/","identifier":1,"image":{"@type":"ImageObject","@id":"https:\/\/secure.gravatar.com\/avatar\/1fd5b20daa9a47a1102459a7c733d369075d8cc724ab489feb8ed72c657d346e?s=96&d=mm&r=g","url":"https:\/\/secure.gravatar.com\/avatar\/1fd5b20daa9a47a1102459a7c733d369075d8cc724ab489feb8ed72c657d346e?s=96&d=mm&r=g","height":96,"width":96}},"publisher":{"@type":"Organization","name":"teris.cz","logo":{"@type":"ImageObject","@id":"\/logo.png","url":"\/logo.png","width":600,"height":60}},"image":{"@type":"ImageObject","@id":"https:\/\/www.teris.cz\/wp-content\/uploads\/pills-430444_960_720.jpg","url":"https:\/\/www.teris.cz\/wp-content\/uploads\/pills-430444_960_720.jpg","height":0,"width":0},"url":"https:\/\/www.teris.cz\/prace-s-leky\/","about":["Firmy"],"wordCount":435,"articleBody":"      Vzpom\u00edn\u00e1m si, kdy\u017e jsem sh\u00e1n\u011bla pr\u00e1ci, kdy\u017e jsem dod\u011blala zdravotn\u00ed \u0161kolu. M\u016fj sen byl pracovat v l\u00e9k\u00e1rn\u011b, jenom\u017ee po mn\u011b je\u0161t\u011b cht\u011bli dal\u0161\u00ed n\u011bjak\u00e9 vzd\u011bl\u00e1n\u00ed, \u017ee bych m\u011bla b\u00fdt pr\u00fd farmaceut. Jenom\u017ee to jsem v\u016fbec nev\u011bd\u011bla. To mysleli opravdu v\u00e1\u017en\u011b nebo si ze m\u011b d\u011blali jenom srandu? To jsem v\u00e1\u017en\u011b nemohla v\u011bd\u011bt. Nejhor\u0161\u00ed na tom bylo, \u017ee jsem si potom jako uchaze\u010d o pr\u00e1ci v l\u00e9k\u00e1rn\u011b ud\u011blala opravdu velikou ostudu, proto\u017ee jsem v\u016fbec nev\u011bd\u011bla, \u017ee mus\u00edm m\u00edt nejenom zdravotnickou \u0161kolu, ale taky vy\u0161\u0161\u00ed odbornou \u0161kolu farmaceutickou. J\u00e1 jsem tohle v\u016fbec nev\u011bd\u011bla. A taky jsem to p\u0159iznala p\u0159i pohovoru na farmaceuta.Bylo mi opravdu trapn\u011b, proto\u017ee ostatn\u00ed lid\u00e9 m\u011b tam shodili a sm\u00e1li se mi. A j\u00e1 sotva jsem se nerozbre\u010dela a taky byla jsem velice ne\u0161\u0165astn\u00e1 a taky zklaman\u00e1. Nech\u00e1pu, jak se n\u011bkdo m\u016f\u017ee sm\u00e1t lidem, kdy\u017e se spletou anebo kdy\u017e n\u011bco nev\u00ed. J\u00e1 to opravdu nev\u011bd\u011bla, i kdy\u017e tedy je pravda, \u017ee jsme si m\u011bla p\u0159edt\u00edm zjistit v\u00edce informac\u00ed, ne\u017e se n\u011bkam na pohovor p\u0159ihl\u00e1s\u00edm. Bylo mi z toho \u00fazko a j\u00e1 jsem si \u0159ekla, \u017ee se na tuto pr\u00e1ci asi vyka\u0161lu. Jenom\u017ee postupem \u010dasu jsem si \u0159ekla, \u017ee je na \u010dase zase za\u010d\u00edt \u017e\u00edt a naj\u00edt si pr\u00e1ci, kterou chci. A proto jsem si \u0159ekla, \u017ee budu distribuovat l\u00e9\u010diva jako tehdy m\u016fj otec. M\u016fj otec toti\u017e byl distributor l\u00e9\u010div a \u0159\u00edkal mi, \u017ee je to opravdu kr\u00e1sn\u00e1 a z\u00e1slu\u017en\u00e1 pr\u00e1ce. \u017de distribuce l\u00e9\u010div nen\u00ed jenom tak pro ka\u017ed\u00e9ho, \u017ee pr\u00e1ce distributor l\u00e9\u010div si \u010dlov\u011bk mus\u00ed zaslou\u017eit a mus\u00ed taky za to b\u00fdt zodpov\u011bdn\u00fd. A mus\u00ed um\u011bt latinu a taky mus\u00ed b\u00fdt zodpov\u011bdn\u00fd za to, \u017ee rozv\u00e1\u017e\u00ed l\u00e9ky a nejenom oby\u010dejn\u00e9 zbo\u017e\u00ed. J\u00e1 jsem si \u0159ekla, \u017ee tato pr\u00e1ce bude ide\u00e1ln\u00ed pro m\u011b a \u017ee m\u011b opravdu hodn\u011b bude bavit, kdy\u017e nav\u00edc je\u0161t\u011b budu jezdit dod\u00e1vkou. A distribuce l\u00e9\u010div sebou obn\u00e1\u0161\u00ed taky hodn\u011b pr\u00e1ce a odpov\u011bdnosti, kterou \u010dlov\u011bk mus\u00ed m\u00edt. A ne jenom m\u00e1lo. Zn\u00e1m jen m\u00e1lo lid\u00ed, co pracuje s l\u00e9ky a \u0159\u00edkaj\u00ed, \u017ee je to n\u00e1ro\u010dn\u00e9.                                                                                                                                                                                                                                                                                                                                                                                          4.2\/5 - (6 votes)        "},{"@context":"https:\/\/schema.org\/","@type":"BreadcrumbList","itemListElement":[{"@type":"ListItem","position":1,"name":"Pr\u00e1ce s l\u00e9ky","item":"https:\/\/www.teris.cz\/prace-s-leky\/#breadcrumbitem"}]}]