[{"@context":"https:\/\/schema.org\/","@type":"Article","@id":"https:\/\/www.teris.cz\/poridte-si-radeji-prodlouzenou-prikryvku-nezli-tu-standardni\/#Article","mainEntityOfPage":"https:\/\/www.teris.cz\/poridte-si-radeji-prodlouzenou-prikryvku-nezli-tu-standardni\/","headline":"Po\u0159i\u010fte si rad\u011bji prodlou\u017eenou p\u0159ikr\u00fdvku, ne\u017eli tu standardn\u00ed","name":"Po\u0159i\u010fte si rad\u011bji prodlou\u017eenou p\u0159ikr\u00fdvku, ne\u017eli tu standardn\u00ed","description":"Kdy\u017e si povl\u00e9knete pe\u0159inu a zachuml\u00e1te se pod n\u00ed, m\u00e1te pocit, \u017ee v\u00e1m nic nesch\u00e1z\u00ed. Le\u017eet v posteli je zkr\u00e1tka &hellip; ","datePublished":"2022-08-14","dateModified":"2023-06-15","author":{"@type":"Person","@id":"https:\/\/www.teris.cz\/author\/#Person","name":"","url":"https:\/\/www.teris.cz\/author\/","identifier":1,"image":{"@type":"ImageObject","@id":"https:\/\/secure.gravatar.com\/avatar\/1fd5b20daa9a47a1102459a7c733d369075d8cc724ab489feb8ed72c657d346e?s=96&d=mm&r=g","url":"https:\/\/secure.gravatar.com\/avatar\/1fd5b20daa9a47a1102459a7c733d369075d8cc724ab489feb8ed72c657d346e?s=96&d=mm&r=g","height":96,"width":96}},"publisher":{"@type":"Organization","name":"teris.cz","logo":{"@type":"ImageObject","@id":"\/logo.png","url":"\/logo.png","width":600,"height":60}},"image":{"@type":"ImageObject","@id":"https:\/\/www.teris.cz\/wp-content\/uploads\/pillow-1890940_640.jpg","url":"https:\/\/www.teris.cz\/wp-content\/uploads\/pillow-1890940_640.jpg","height":0,"width":0},"url":"https:\/\/www.teris.cz\/poridte-si-radeji-prodlouzenou-prikryvku-nezli-tu-standardni\/","about":["N\u00e1kupy"],"wordCount":464,"articleBody":"Kdy\u017e si povl\u00e9knete pe\u0159inu a zachuml\u00e1te se pod n\u00ed, m\u00e1te pocit, \u017ee v\u00e1m nic nesch\u00e1z\u00ed. Le\u017eet v posteli je zkr\u00e1tka \u00fa\u017easn\u00fd pocit, ostatn\u011b je to tak\u00e9 jedin\u00e9 m\u00edsto, kde si m\u016f\u017eeme v klidu odpo\u010dinout. Postel m\u016f\u017ee samoz\u0159ejm\u011b alespo\u0148 \u010d\u00e1ste\u010dn\u011b nahradit k\u0159eslo, pohovka, karimatka nebo rozlo\u017een\u00fd sedac\u00ed vak, ale dokud se nem\u00e1te \u010d\u00edm p\u0159ikr\u00fdt, nelze hovo\u0159it o n\u011bjak\u00e9 relaxaci.P\u0159ikr\u00fdvky zkr\u00e1tka neodmysliteln\u011b pat\u0159\u00ed k lidsk\u00e9mu \u017eivotu, a zejm\u00e9na k t\u00e9 odpo\u010dinkov\u00e9 f\u00e1zi, kdy m\u00e1me kone\u010dn\u011b dostatek \u010dasu a prostoru b\u00fdt sami sebou, nik\u00fdm a ni\u010d\u00edm neru\u0161eni. A jestli\u017ee si odpust\u00edme z\u00edr\u00e1n\u00ed na televizn\u00ed obrazovku p\u0159ed span\u00edm, nebo dokonce pr\u00e1ci na po\u010d\u00edta\u010di p\u0159\u00edmo v posteli, co\u017e je hrozn\u00fd ne\u0161var, n\u00e1\u0161 sp\u00e1nek m\u016f\u017ee p\u0159in\u00e1\u0161et skute\u010dn\u00e9 plody \u2013 ozdravn\u00e9 a regenera\u010dn\u00ed procesy.Aby k t\u00e9 regeneraci skute\u010dn\u011b doch\u00e1zelo, a nebyla to jen pr\u00e1zdn\u00e1 slova, pot\u0159ebujeme m\u00edt p\u0159ikr\u00fdvku nejen pat\u0159i\u010dn\u011b p\u0159ijatelnou z hlediska materi\u00e1lu, ale i co se t\u00fd\u010de rozm\u011br\u016f. Nebu\u010fte proto p\u0159i v\u00fdb\u011bru p\u0159ikr\u00fdvek zbrkl\u00ed a rozm\u00fd\u0161lejte, zda se v\u00e1m nehod\u00ed nap\u0159. prodlou\u017een\u00e1 p\u0159ikr\u00fdvka. Prodlou\u017een\u00e1, znamen\u00e1, \u017ee je del\u0161\u00ed o dvacet a\u017e \u010dty\u0159icet centimetr\u016f oproti b\u011b\u017en\u00e9mu dvoumetrov\u00e9mu standardu.A jak\u00e9 v\u00fdhody to p\u0159in\u00e1\u0161\u00ed?Nebude v\u00e1m chladno na ramena \u2013 p\u0159\u00edli\u0161 kr\u00e1tk\u00e1 p\u0159ikr\u00fdvka sv\u00e1d\u00ed k tomu, \u017ee bude sj\u00ed\u017ed\u011bt k noh\u00e1m, a odhal\u00ed v\u00e1m ramena a horn\u00ed partie zad, tak\u017ee by v\u00e1m na tuto \u010d\u00e1st t\u011bla mohla b\u00fdt v noci zima a mohlo by v\u00e1s to zbyte\u010dn\u011b budit. U dlouh\u00e9 p\u0159ikr\u00fdvky m\u00e1te v\u00edce prostoru po\u0159\u00e1dn\u011b se do n\u00ed zachumlat, ov\u0161em nezapom\u00ednejte, \u017ee mus\u00ed b\u00fdt tak\u00e9 pat\u0159i\u010dn\u011b \u0161irok\u00e1, alespo\u0148 140 cm.Odhalen\u00e1 chodidla \u2013 pokud nesp\u00edte zrovna v tepl\u00fdch pono\u017ek\u00e1ch, va\u0161e bos\u00e1 chodidla mohou u kr\u00e1tk\u00e9 p\u0159ikr\u00fdvky \u010dast\u011bji vykukovat ven. Na chodidlech je velmi mnoho nervov\u00fdch receptor\u016f, kter\u00e9 zaznamen\u00e1vaj\u00ed i nesm\u00edrn\u011b jemn\u00e9 poryvy vzduchu. M\u00e1te-li v noci otev\u0159en\u00e9 okno (na ventila\u010dku), co\u017e v\u00e1m lze jen doporu\u010dit, budou v\u00e1s bos\u00e1 chodidla mimo prostor p\u0159ikr\u00fdvky budit mo\u017en\u00e1 \u010dast\u011bji, ne\u017e odhalen\u00e1 ramena. U del\u0161\u00edch p\u0159ikr\u00fdvek m\u00e1te ov\u0161em \u0161anci deku pod nohama zahrnout a t\u00edm p\u00e1dem zabr\u00e1nit, aby v\u00e1m samovoln\u011b ve sp\u00e1nku vyj\u00ed\u017ed\u011bly ven.                                                                                                                                                                                                                                                                                                                                                                                         4.1\/5 - (12 votes)        "},{"@context":"https:\/\/schema.org\/","@type":"BreadcrumbList","itemListElement":[{"@type":"ListItem","position":1,"name":"Po\u0159i\u010fte si rad\u011bji prodlou\u017eenou p\u0159ikr\u00fdvku, ne\u017eli tu standardn\u00ed","item":"https:\/\/www.teris.cz\/poridte-si-radeji-prodlouzenou-prikryvku-nezli-tu-standardni\/#breadcrumbitem"}]}]