[{"@context":"https:\/\/schema.org\/","@type":"Blog","@id":"https:\/\/www.teris.cz#Blog","headline":"Teris","description":"\n\u0158\u00edk\u00e1 se, \u017ee kdo \u0161et\u0159\u00ed, m\u00e1 za t\u0159i. A navzdory tomu, \u017ee tak tomu neb\u00fdv\u00e1 doslova, \u017ee m\u00e1 leckdo \u00faspory mnohem ni\u017e\u0161\u00ed, se d\u00e1 \u0159\u00edci, \u017ee je spo\u0159ivost dobr\u00e1 vlastnost.","url":"https:\/\/www.teris.cz","hasPart":[{"@type":"Article","@id":"https:\/\/www.teris.cz\/su-urceneaj-na-rekreaciu-a-vasmu-odpocinku\/","headline":"S\u00fa ur\u010den\u00e9aj na rekre\u00e1ciu a v\u00e1\u0161mu odpo\u010dinku","url":"https:\/\/www.teris.cz\/su-urceneaj-na-rekreaciu-a-vasmu-odpocinku\/","datePublished":"2025-07-23","dateModified":"2025-07-23","mainEntityOfPage":"https:\/\/www.teris.cz\/su-urceneaj-na-rekreaciu-a-vasmu-odpocinku\/","author":{"@type":"Person","@id":"https:\/\/www.teris.cz\/author\/#Person","name":"","url":"https:\/\/www.teris.cz\/author\/","identifier":1,"image":{"@type":"ImageObject","@id":"https:\/\/secure.gravatar.com\/avatar\/1fd5b20daa9a47a1102459a7c733d369075d8cc724ab489feb8ed72c657d346e?s=96&d=mm&r=g","url":"https:\/\/secure.gravatar.com\/avatar\/1fd5b20daa9a47a1102459a7c733d369075d8cc724ab489feb8ed72c657d346e?s=96&d=mm&r=g","height":96,"width":96}},"publisher":{"@type":"Organization","name":"teris.cz","logo":{"@type":"ImageObject","@id":"\/logo.png","url":"\/logo.png","width":600,"height":60}},"image":null,"wordCount":218,"keywords":null},{"@type":"Article","@id":"https:\/\/www.teris.cz\/podlahy-ktere-za-to-stoji\/","headline":"Podlahy, kter\u00e9 za to stoj\u00ed","url":"https:\/\/www.teris.cz\/podlahy-ktere-za-to-stoji\/","datePublished":"2025-07-19","dateModified":"2025-07-19","mainEntityOfPage":"https:\/\/www.teris.cz\/podlahy-ktere-za-to-stoji\/","author":{"@type":"Person","@id":"https:\/\/www.teris.cz\/author\/#Person","name":"","url":"https:\/\/www.teris.cz\/author\/","identifier":1,"image":{"@type":"ImageObject","@id":"https:\/\/secure.gravatar.com\/avatar\/1fd5b20daa9a47a1102459a7c733d369075d8cc724ab489feb8ed72c657d346e?s=96&d=mm&r=g","url":"https:\/\/secure.gravatar.com\/avatar\/1fd5b20daa9a47a1102459a7c733d369075d8cc724ab489feb8ed72c657d346e?s=96&d=mm&r=g","height":96,"width":96}},"publisher":{"@type":"Organization","name":"teris.cz","logo":{"@type":"ImageObject","@id":"\/logo.png","url":"\/logo.png","width":600,"height":60}},"image":null,"wordCount":284,"keywords":null},{"@type":"Article","@id":"https:\/\/www.teris.cz\/nenechte-telo-chradnout\/","headline":"Nenechte t\u011blo ch\u0159adnout","url":"https:\/\/www.teris.cz\/nenechte-telo-chradnout\/","datePublished":"2025-07-18","dateModified":"2025-07-18","mainEntityOfPage":"https:\/\/www.teris.cz\/nenechte-telo-chradnout\/","author":{"@type":"Person","@id":"https:\/\/www.teris.cz\/author\/#Person","name":"","url":"https:\/\/www.teris.cz\/author\/","identifier":1,"image":{"@type":"ImageObject","@id":"https:\/\/secure.gravatar.com\/avatar\/1fd5b20daa9a47a1102459a7c733d369075d8cc724ab489feb8ed72c657d346e?s=96&d=mm&r=g","url":"https:\/\/secure.gravatar.com\/avatar\/1fd5b20daa9a47a1102459a7c733d369075d8cc724ab489feb8ed72c657d346e?s=96&d=mm&r=g","height":96,"width":96}},"publisher":{"@type":"Organization","name":"teris.cz","logo":{"@type":"ImageObject","@id":"\/logo.png","url":"\/logo.png","width":600,"height":60}},"image":{"@type":"ImageObject","@id":"https:\/\/www.teris.cz\/wp-content\/uploads\/img_a290487_w2193_t1503128929.jpg","url":"https:\/\/www.teris.cz\/wp-content\/uploads\/img_a290487_w2193_t1503128929.jpg","height":0,"width":0},"wordCount":526,"keywords":null},{"@type":"Article","@id":"https:\/\/www.teris.cz\/zmena-jidelnicku-dokaze-zazraky\/","headline":"Zm\u011bna j\u00eddeln\u00ed\u010dku dok\u00e1\u017ee z\u00e1zraky","url":"https:\/\/www.teris.cz\/zmena-jidelnicku-dokaze-zazraky\/","datePublished":"2025-07-09","dateModified":"2025-07-09","mainEntityOfPage":"https:\/\/www.teris.cz\/zmena-jidelnicku-dokaze-zazraky\/","author":{"@type":"Person","@id":"https:\/\/www.teris.cz\/author\/#Person","name":"","url":"https:\/\/www.teris.cz\/author\/","identifier":1,"image":{"@type":"ImageObject","@id":"https:\/\/secure.gravatar.com\/avatar\/1fd5b20daa9a47a1102459a7c733d369075d8cc724ab489feb8ed72c657d346e?s=96&d=mm&r=g","url":"https:\/\/secure.gravatar.com\/avatar\/1fd5b20daa9a47a1102459a7c733d369075d8cc724ab489feb8ed72c657d346e?s=96&d=mm&r=g","height":96,"width":96}},"publisher":{"@type":"Organization","name":"teris.cz","logo":{"@type":"ImageObject","@id":"\/logo.png","url":"\/logo.png","width":600,"height":60}},"image":null,"wordCount":215,"keywords":null},{"@type":"Article","@id":"https:\/\/www.teris.cz\/instalujeme-na-zahradu-pletivovy-plot\/","headline":"Instalujeme na zahradu pletivov\u00fd plot","url":"https:\/\/www.teris.cz\/instalujeme-na-zahradu-pletivovy-plot\/","datePublished":"2025-07-05","dateModified":"2025-07-05","mainEntityOfPage":"https:\/\/www.teris.cz\/instalujeme-na-zahradu-pletivovy-plot\/","author":{"@type":"Person","@id":"https:\/\/www.teris.cz\/author\/#Person","name":"","url":"https:\/\/www.teris.cz\/author\/","identifier":1,"image":{"@type":"ImageObject","@id":"https:\/\/secure.gravatar.com\/avatar\/1fd5b20daa9a47a1102459a7c733d369075d8cc724ab489feb8ed72c657d346e?s=96&d=mm&r=g","url":"https:\/\/secure.gravatar.com\/avatar\/1fd5b20daa9a47a1102459a7c733d369075d8cc724ab489feb8ed72c657d346e?s=96&d=mm&r=g","height":96,"width":96}},"publisher":{"@type":"Organization","name":"teris.cz","logo":{"@type":"ImageObject","@id":"\/logo.png","url":"\/logo.png","width":600,"height":60}},"image":{"@type":"ImageObject","@id":"https:\/\/www.teris.cz\/wp-content\/uploads\/spider-web-3757313_640_1.jpg","url":"https:\/\/www.teris.cz\/wp-content\/uploads\/spider-web-3757313_640_1.jpg","height":0,"width":0},"wordCount":628,"keywords":null},{"@type":"Article","@id":"https:\/\/www.teris.cz\/s-orientalni-vyzdobou-interieru-vam-pomuzeme-my\/","headline":"S orient\u00e1ln\u00ed v\u00fdzdobou interi\u00e9ru v\u00e1m pom\u016f\u017eeme my","url":"https:\/\/www.teris.cz\/s-orientalni-vyzdobou-interieru-vam-pomuzeme-my\/","datePublished":"2025-07-05","dateModified":"2025-07-05","mainEntityOfPage":"https:\/\/www.teris.cz\/s-orientalni-vyzdobou-interieru-vam-pomuzeme-my\/","author":{"@type":"Person","@id":"https:\/\/www.teris.cz\/author\/#Person","name":"","url":"https:\/\/www.teris.cz\/author\/","identifier":1,"image":{"@type":"ImageObject","@id":"https:\/\/secure.gravatar.com\/avatar\/1fd5b20daa9a47a1102459a7c733d369075d8cc724ab489feb8ed72c657d346e?s=96&d=mm&r=g","url":"https:\/\/secure.gravatar.com\/avatar\/1fd5b20daa9a47a1102459a7c733d369075d8cc724ab489feb8ed72c657d346e?s=96&d=mm&r=g","height":96,"width":96}},"publisher":{"@type":"Organization","name":"teris.cz","logo":{"@type":"ImageObject","@id":"\/logo.png","url":"\/logo.png","width":600,"height":60}},"image":null,"wordCount":279,"keywords":null},{"@type":"Article","@id":"https:\/\/www.teris.cz\/nechcete-skoncit-se-sexem\/","headline":"Nechcete skon\u010dit se sexem?","url":"https:\/\/www.teris.cz\/nechcete-skoncit-se-sexem\/","datePublished":"2025-07-04","dateModified":"2025-07-04","mainEntityOfPage":"https:\/\/www.teris.cz\/nechcete-skoncit-se-sexem\/","author":{"@type":"Person","@id":"https:\/\/www.teris.cz\/author\/#Person","name":"","url":"https:\/\/www.teris.cz\/author\/","identifier":1,"image":{"@type":"ImageObject","@id":"https:\/\/secure.gravatar.com\/avatar\/1fd5b20daa9a47a1102459a7c733d369075d8cc724ab489feb8ed72c657d346e?s=96&d=mm&r=g","url":"https:\/\/secure.gravatar.com\/avatar\/1fd5b20daa9a47a1102459a7c733d369075d8cc724ab489feb8ed72c657d346e?s=96&d=mm&r=g","height":96,"width":96}},"publisher":{"@type":"Organization","name":"teris.cz","logo":{"@type":"ImageObject","@id":"\/logo.png","url":"\/logo.png","width":600,"height":60}},"image":{"@type":"ImageObject","@id":"https:\/\/www.teris.cz\/wp-content\/uploads\/eeeeeeeee_10_10_10_10_10_2.jpg","url":"https:\/\/www.teris.cz\/wp-content\/uploads\/eeeeeeeee_10_10_10_10_10_2.jpg","height":0,"width":0},"wordCount":639,"keywords":null},{"@type":"Article","@id":"https:\/\/www.teris.cz\/partnerske-pokoje-jsou-stredem-vaseho-bytu\/","headline":"Partnersk\u00e9 pokoje jsou st\u0159edem va\u0161eho bytu","url":"https:\/\/www.teris.cz\/partnerske-pokoje-jsou-stredem-vaseho-bytu\/","datePublished":"2025-06-27","dateModified":"2025-06-27","mainEntityOfPage":"https:\/\/www.teris.cz\/partnerske-pokoje-jsou-stredem-vaseho-bytu\/","author":{"@type":"Person","@id":"https:\/\/www.teris.cz\/author\/#Person","name":"","url":"https:\/\/www.teris.cz\/author\/","identifier":1,"image":{"@type":"ImageObject","@id":"https:\/\/secure.gravatar.com\/avatar\/1fd5b20daa9a47a1102459a7c733d369075d8cc724ab489feb8ed72c657d346e?s=96&d=mm&r=g","url":"https:\/\/secure.gravatar.com\/avatar\/1fd5b20daa9a47a1102459a7c733d369075d8cc724ab489feb8ed72c657d346e?s=96&d=mm&r=g","height":96,"width":96}},"publisher":{"@type":"Organization","name":"teris.cz","logo":{"@type":"ImageObject","@id":"\/logo.png","url":"\/logo.png","width":600,"height":60}},"image":null,"wordCount":212,"keywords":null},{"@type":"Article","@id":"https:\/\/www.teris.cz\/pracka-jednoduse\/","headline":"Pra\u010dka jednodu\u0161e","url":"https:\/\/www.teris.cz\/pracka-jednoduse\/","datePublished":"2025-06-21","dateModified":"2025-06-21","mainEntityOfPage":"https:\/\/www.teris.cz\/pracka-jednoduse\/","author":{"@type":"Person","@id":"https:\/\/www.teris.cz\/author\/#Person","name":"","url":"https:\/\/www.teris.cz\/author\/","identifier":1,"image":{"@type":"ImageObject","@id":"https:\/\/secure.gravatar.com\/avatar\/1fd5b20daa9a47a1102459a7c733d369075d8cc724ab489feb8ed72c657d346e?s=96&d=mm&r=g","url":"https:\/\/secure.gravatar.com\/avatar\/1fd5b20daa9a47a1102459a7c733d369075d8cc724ab489feb8ed72c657d346e?s=96&d=mm&r=g","height":96,"width":96}},"publisher":{"@type":"Organization","name":"teris.cz","logo":{"@type":"ImageObject","@id":"\/logo.png","url":"\/logo.png","width":600,"height":60}},"image":null,"wordCount":296,"keywords":null},{"@type":"Article","@id":"https:\/\/www.teris.cz\/skvele-chute-ledoveho-osvezeni\/","headline":"Skv\u011bl\u00e9 chut\u011b ledov\u00e9ho osv\u011b\u017een\u00ed","url":"https:\/\/www.teris.cz\/skvele-chute-ledoveho-osvezeni\/","datePublished":"2025-06-16","dateModified":"2025-06-16","mainEntityOfPage":"https:\/\/www.teris.cz\/skvele-chute-ledoveho-osvezeni\/","author":{"@type":"Person","@id":"https:\/\/www.teris.cz\/author\/#Person","name":"","url":"https:\/\/www.teris.cz\/author\/","identifier":1,"image":{"@type":"ImageObject","@id":"https:\/\/secure.gravatar.com\/avatar\/1fd5b20daa9a47a1102459a7c733d369075d8cc724ab489feb8ed72c657d346e?s=96&d=mm&r=g","url":"https:\/\/secure.gravatar.com\/avatar\/1fd5b20daa9a47a1102459a7c733d369075d8cc724ab489feb8ed72c657d346e?s=96&d=mm&r=g","height":96,"width":96}},"publisher":{"@type":"Organization","name":"teris.cz","logo":{"@type":"ImageObject","@id":"\/logo.png","url":"\/logo.png","width":600,"height":60}},"image":null,"wordCount":207,"keywords":null}]},{"@context":"https:\/\/schema.org","@type":"WebSite","@id":"https:\/\/www.teris.cz\/#website","name":"Teris","url":"https:\/\/www.teris.cz","potentialAction":{"@type":"SearchAction","target":"https:\/\/www.teris.cz\/?s={search_term_string}","query-input":"required name=search_term_string"}}]