[{"@context":"https:\/\/schema.org\/","@type":"Blog","@id":"https:\/\/www.teris.cz#Blog","headline":"Teris","description":"\n\u0158\u00edk\u00e1 se, \u017ee kdo \u0161et\u0159\u00ed, m\u00e1 za t\u0159i. A navzdory tomu, \u017ee tak tomu neb\u00fdv\u00e1 doslova, \u017ee m\u00e1 leckdo \u00faspory mnohem ni\u017e\u0161\u00ed, se d\u00e1 \u0159\u00edci, \u017ee je spo\u0159ivost dobr\u00e1 vlastnost.","url":"https:\/\/www.teris.cz","hasPart":[{"@type":"Article","@id":"https:\/\/www.teris.cz\/co-muze-zpusobit-nizke-ph-v-bazenu\/","headline":"Co m\u016f\u017ee zp\u016fsobit n\u00edzk\u00e9 pH v baz\u00e9nu","url":"https:\/\/www.teris.cz\/co-muze-zpusobit-nizke-ph-v-bazenu\/","datePublished":"2022-08-16","dateModified":"2023-05-30","mainEntityOfPage":"https:\/\/www.teris.cz\/co-muze-zpusobit-nizke-ph-v-bazenu\/","author":{"@type":"Person","@id":"https:\/\/www.teris.cz\/author\/#Person","name":"","url":"https:\/\/www.teris.cz\/author\/","identifier":1,"image":{"@type":"ImageObject","@id":"https:\/\/secure.gravatar.com\/avatar\/1fd5b20daa9a47a1102459a7c733d369075d8cc724ab489feb8ed72c657d346e?s=96&d=mm&r=g","url":"https:\/\/secure.gravatar.com\/avatar\/1fd5b20daa9a47a1102459a7c733d369075d8cc724ab489feb8ed72c657d346e?s=96&d=mm&r=g","height":96,"width":96}},"publisher":{"@type":"Organization","name":"teris.cz","logo":{"@type":"ImageObject","@id":"\/logo.png","url":"\/logo.png","width":600,"height":60}},"image":{"@type":"ImageObject","@id":"https:\/\/www.teris.cz\/wp-content\/uploads\/bazen1_10_2.jpg","url":"https:\/\/www.teris.cz\/wp-content\/uploads\/bazen1_10_2.jpg","height":0,"width":0},"wordCount":586,"keywords":null},{"@type":"Article","@id":"https:\/\/www.teris.cz\/neni-li-podnikani-zlaty-dul\/","headline":"Nen\u00ed-li podnik\u00e1n\u00ed zlat\u00fd d\u016fl","url":"https:\/\/www.teris.cz\/neni-li-podnikani-zlaty-dul\/","datePublished":"2022-08-15","dateModified":"2023-05-30","mainEntityOfPage":"https:\/\/www.teris.cz\/neni-li-podnikani-zlaty-dul\/","author":{"@type":"Person","@id":"https:\/\/www.teris.cz\/author\/#Person","name":"","url":"https:\/\/www.teris.cz\/author\/","identifier":1,"image":{"@type":"ImageObject","@id":"https:\/\/secure.gravatar.com\/avatar\/1fd5b20daa9a47a1102459a7c733d369075d8cc724ab489feb8ed72c657d346e?s=96&d=mm&r=g","url":"https:\/\/secure.gravatar.com\/avatar\/1fd5b20daa9a47a1102459a7c733d369075d8cc724ab489feb8ed72c657d346e?s=96&d=mm&r=g","height":96,"width":96}},"publisher":{"@type":"Organization","name":"teris.cz","logo":{"@type":"ImageObject","@id":"\/logo.png","url":"\/logo.png","width":600,"height":60}},"image":{"@type":"ImageObject","@id":"https:\/\/www.teris.cz\/wp-content\/uploads\/star%C3%A1%20mince_7.jpg","url":"https:\/\/www.teris.cz\/wp-content\/uploads\/star%C3%A1%20mince_7.jpg","height":0,"width":0},"wordCount":651,"keywords":null},{"@type":"Article","@id":"https:\/\/www.teris.cz\/pujcky-jsou-ruzne\/","headline":"P\u016fj\u010dky jsou r\u016fzn\u00e9","url":"https:\/\/www.teris.cz\/pujcky-jsou-ruzne\/","datePublished":"2022-08-15","dateModified":"2023-05-30","mainEntityOfPage":"https:\/\/www.teris.cz\/pujcky-jsou-ruzne\/","author":{"@type":"Person","@id":"https:\/\/www.teris.cz\/author\/#Person","name":"","url":"https:\/\/www.teris.cz\/author\/","identifier":1,"image":{"@type":"ImageObject","@id":"https:\/\/secure.gravatar.com\/avatar\/1fd5b20daa9a47a1102459a7c733d369075d8cc724ab489feb8ed72c657d346e?s=96&d=mm&r=g","url":"https:\/\/secure.gravatar.com\/avatar\/1fd5b20daa9a47a1102459a7c733d369075d8cc724ab489feb8ed72c657d346e?s=96&d=mm&r=g","height":96,"width":96}},"publisher":{"@type":"Organization","name":"teris.cz","logo":{"@type":"ImageObject","@id":"\/logo.png","url":"\/logo.png","width":600,"height":60}},"image":{"@type":"ImageObject","@id":"https:\/\/www.teris.cz\/wp-content\/uploads\/US%20dolary_10_10_10_10_1.jpg","url":"https:\/\/www.teris.cz\/wp-content\/uploads\/US%20dolary_10_10_10_10_1.jpg","height":0,"width":0},"wordCount":697,"keywords":null},{"@type":"Article","@id":"https:\/\/www.teris.cz\/neni-pujcka-jako-pujcka\/","headline":"Nen\u00ed p\u016fj\u010dka jako p\u016fj\u010dka","url":"https:\/\/www.teris.cz\/neni-pujcka-jako-pujcka\/","datePublished":"2022-08-15","dateModified":"2022-08-15","mainEntityOfPage":"https:\/\/www.teris.cz\/neni-pujcka-jako-pujcka\/","author":{"@type":"Person","@id":"https:\/\/www.teris.cz\/author\/#Person","name":"","url":"https:\/\/www.teris.cz\/author\/","identifier":1,"image":{"@type":"ImageObject","@id":"https:\/\/secure.gravatar.com\/avatar\/1fd5b20daa9a47a1102459a7c733d369075d8cc724ab489feb8ed72c657d346e?s=96&d=mm&r=g","url":"https:\/\/secure.gravatar.com\/avatar\/1fd5b20daa9a47a1102459a7c733d369075d8cc724ab489feb8ed72c657d346e?s=96&d=mm&r=g","height":96,"width":96}},"publisher":{"@type":"Organization","name":"teris.cz","logo":{"@type":"ImageObject","@id":"\/logo.png","url":"\/logo.png","width":600,"height":60}},"image":{"@type":"ImageObject","@id":"https:\/\/www.teris.cz\/wp-content\/uploads\/p%C4%9Bt%20cent%C5%AF_7.jpg","url":"https:\/\/www.teris.cz\/wp-content\/uploads\/p%C4%9Bt%20cent%C5%AF_7.jpg","height":0,"width":0},"wordCount":664,"keywords":null},{"@type":"Article","@id":"https:\/\/www.teris.cz\/nemate-auto-ale-obcas-ho-potrebujete\/","headline":"Nem\u00e1te auto, ale ob\u010das ho pot\u0159ebujete?","url":"https:\/\/www.teris.cz\/nemate-auto-ale-obcas-ho-potrebujete\/","datePublished":"2022-08-15","dateModified":"2023-05-30","mainEntityOfPage":"https:\/\/www.teris.cz\/nemate-auto-ale-obcas-ho-potrebujete\/","author":{"@type":"Person","@id":"https:\/\/www.teris.cz\/author\/#Person","name":"","url":"https:\/\/www.teris.cz\/author\/","identifier":1,"image":{"@type":"ImageObject","@id":"https:\/\/secure.gravatar.com\/avatar\/1fd5b20daa9a47a1102459a7c733d369075d8cc724ab489feb8ed72c657d346e?s=96&d=mm&r=g","url":"https:\/\/secure.gravatar.com\/avatar\/1fd5b20daa9a47a1102459a7c733d369075d8cc724ab489feb8ed72c657d346e?s=96&d=mm&r=g","height":96,"width":96}},"publisher":{"@type":"Organization","name":"teris.cz","logo":{"@type":"ImageObject","@id":"\/logo.png","url":"\/logo.png","width":600,"height":60}},"image":{"@type":"ImageObject","@id":"https:\/\/www.teris.cz\/wp-content\/uploads\/automobile-465412_640_2.jpg","url":"https:\/\/www.teris.cz\/wp-content\/uploads\/automobile-465412_640_2.jpg","height":0,"width":0},"wordCount":736,"keywords":null},{"@type":"Article","@id":"https:\/\/www.teris.cz\/latkove-pleny-pro-miminko-jsou-to-nejlepsi-co-mu-muzete-doprat\/","headline":"L\u00e1tkov\u00e9 pleny pro miminko jsou to nejlep\u0161\u00ed, co mu m\u016f\u017eete dop\u0159\u00e1t","url":"https:\/\/www.teris.cz\/latkove-pleny-pro-miminko-jsou-to-nejlepsi-co-mu-muzete-doprat\/","datePublished":"2022-08-14","dateModified":"2023-06-15","mainEntityOfPage":"https:\/\/www.teris.cz\/latkove-pleny-pro-miminko-jsou-to-nejlepsi-co-mu-muzete-doprat\/","author":{"@type":"Person","@id":"https:\/\/www.teris.cz\/author\/#Person","name":"","url":"https:\/\/www.teris.cz\/author\/","identifier":1,"image":{"@type":"ImageObject","@id":"https:\/\/secure.gravatar.com\/avatar\/1fd5b20daa9a47a1102459a7c733d369075d8cc724ab489feb8ed72c657d346e?s=96&d=mm&r=g","url":"https:\/\/secure.gravatar.com\/avatar\/1fd5b20daa9a47a1102459a7c733d369075d8cc724ab489feb8ed72c657d346e?s=96&d=mm&r=g","height":96,"width":96}},"publisher":{"@type":"Organization","name":"teris.cz","logo":{"@type":"ImageObject","@id":"\/logo.png","url":"\/logo.png","width":600,"height":60}},"image":{"@type":"ImageObject","@id":"https:\/\/www.teris.cz\/wp-content\/uploads\/baby-957194_640.jpg","url":"https:\/\/www.teris.cz\/wp-content\/uploads\/baby-957194_640.jpg","height":0,"width":0},"wordCount":602,"keywords":null},{"@type":"Article","@id":"https:\/\/www.teris.cz\/poridte-si-radeji-prodlouzenou-prikryvku-nezli-tu-standardni\/","headline":"Po\u0159i\u010fte si rad\u011bji prodlou\u017eenou p\u0159ikr\u00fdvku, ne\u017eli tu standardn\u00ed","url":"https:\/\/www.teris.cz\/poridte-si-radeji-prodlouzenou-prikryvku-nezli-tu-standardni\/","datePublished":"2022-08-14","dateModified":"2023-06-15","mainEntityOfPage":"https:\/\/www.teris.cz\/poridte-si-radeji-prodlouzenou-prikryvku-nezli-tu-standardni\/","author":{"@type":"Person","@id":"https:\/\/www.teris.cz\/author\/#Person","name":"","url":"https:\/\/www.teris.cz\/author\/","identifier":1,"image":{"@type":"ImageObject","@id":"https:\/\/secure.gravatar.com\/avatar\/1fd5b20daa9a47a1102459a7c733d369075d8cc724ab489feb8ed72c657d346e?s=96&d=mm&r=g","url":"https:\/\/secure.gravatar.com\/avatar\/1fd5b20daa9a47a1102459a7c733d369075d8cc724ab489feb8ed72c657d346e?s=96&d=mm&r=g","height":96,"width":96}},"publisher":{"@type":"Organization","name":"teris.cz","logo":{"@type":"ImageObject","@id":"\/logo.png","url":"\/logo.png","width":600,"height":60}},"image":{"@type":"ImageObject","@id":"https:\/\/www.teris.cz\/wp-content\/uploads\/pillow-1890940_640.jpg","url":"https:\/\/www.teris.cz\/wp-content\/uploads\/pillow-1890940_640.jpg","height":0,"width":0},"wordCount":593,"keywords":null},{"@type":"Article","@id":"https:\/\/www.teris.cz\/vyhnete-se-pri-stehovani-neprijemnostem\/","headline":"Vyhn\u011bte se p\u0159i st\u011bhov\u00e1n\u00ed nep\u0159\u00edjemnostem","url":"https:\/\/www.teris.cz\/vyhnete-se-pri-stehovani-neprijemnostem\/","datePublished":"2022-08-14","dateModified":"2023-05-30","mainEntityOfPage":"https:\/\/www.teris.cz\/vyhnete-se-pri-stehovani-neprijemnostem\/","author":{"@type":"Person","@id":"https:\/\/www.teris.cz\/author\/#Person","name":"","url":"https:\/\/www.teris.cz\/author\/","identifier":1,"image":{"@type":"ImageObject","@id":"https:\/\/secure.gravatar.com\/avatar\/1fd5b20daa9a47a1102459a7c733d369075d8cc724ab489feb8ed72c657d346e?s=96&d=mm&r=g","url":"https:\/\/secure.gravatar.com\/avatar\/1fd5b20daa9a47a1102459a7c733d369075d8cc724ab489feb8ed72c657d346e?s=96&d=mm&r=g","height":96,"width":96}},"publisher":{"@type":"Organization","name":"teris.cz","logo":{"@type":"ImageObject","@id":"\/logo.png","url":"\/logo.png","width":600,"height":60}},"image":{"@type":"ImageObject","@id":"https:\/\/www.teris.cz\/wp-content\/uploads\/carton-1984477_640_5.jpg","url":"https:\/\/www.teris.cz\/wp-content\/uploads\/carton-1984477_640_5.jpg","height":0,"width":0},"wordCount":628,"keywords":null},{"@type":"Article","@id":"https:\/\/www.teris.cz\/hodinovy-manzel-sluzba-kterou-ocenite\/","headline":"Hodinov\u00fd man\u017eel \u2013 slu\u017eba kterou ocen\u00edte!","url":"https:\/\/www.teris.cz\/hodinovy-manzel-sluzba-kterou-ocenite\/","datePublished":"2022-08-14","dateModified":"2023-05-30","mainEntityOfPage":"https:\/\/www.teris.cz\/hodinovy-manzel-sluzba-kterou-ocenite\/","author":{"@type":"Person","@id":"https:\/\/www.teris.cz\/author\/#Person","name":"","url":"https:\/\/www.teris.cz\/author\/","identifier":1,"image":{"@type":"ImageObject","@id":"https:\/\/secure.gravatar.com\/avatar\/1fd5b20daa9a47a1102459a7c733d369075d8cc724ab489feb8ed72c657d346e?s=96&d=mm&r=g","url":"https:\/\/secure.gravatar.com\/avatar\/1fd5b20daa9a47a1102459a7c733d369075d8cc724ab489feb8ed72c657d346e?s=96&d=mm&r=g","height":96,"width":96}},"publisher":{"@type":"Organization","name":"teris.cz","logo":{"@type":"ImageObject","@id":"\/logo.png","url":"\/logo.png","width":600,"height":60}},"image":{"@type":"ImageObject","@id":"https:\/\/www.teris.cz\/wp-content\/uploads\/building-ge1e5cb88b_640.jpg","url":"https:\/\/www.teris.cz\/wp-content\/uploads\/building-ge1e5cb88b_640.jpg","height":0,"width":0},"wordCount":656,"keywords":null},{"@type":"Article","@id":"https:\/\/www.teris.cz\/zdrave-opalovani\/","headline":"Zdrav\u00e9 opalov\u00e1n\u00ed","url":"https:\/\/www.teris.cz\/zdrave-opalovani\/","datePublished":"2022-08-14","dateModified":"2024-01-12","mainEntityOfPage":"https:\/\/www.teris.cz\/zdrave-opalovani\/","author":{"@type":"Person","@id":"https:\/\/www.teris.cz\/author\/#Person","name":"","url":"https:\/\/www.teris.cz\/author\/","identifier":1,"image":{"@type":"ImageObject","@id":"https:\/\/secure.gravatar.com\/avatar\/1fd5b20daa9a47a1102459a7c733d369075d8cc724ab489feb8ed72c657d346e?s=96&d=mm&r=g","url":"https:\/\/secure.gravatar.com\/avatar\/1fd5b20daa9a47a1102459a7c733d369075d8cc724ab489feb8ed72c657d346e?s=96&d=mm&r=g","height":96,"width":96}},"publisher":{"@type":"Organization","name":"teris.cz","logo":{"@type":"ImageObject","@id":"\/logo.png","url":"\/logo.png","width":600,"height":60}},"image":{"@type":"ImageObject","@id":"https:\/\/www.teris.cz\/wp-content\/uploads\/beach-g2f133d767_640.jpg","url":"https:\/\/www.teris.cz\/wp-content\/uploads\/beach-g2f133d767_640.jpg","height":0,"width":0},"wordCount":550,"keywords":null}]},{"@context":"https:\/\/schema.org","@type":"WebSite","@id":"https:\/\/www.teris.cz\/#website","name":"Teris","url":"https:\/\/www.teris.cz","potentialAction":{"@type":"SearchAction","target":"https:\/\/www.teris.cz\/?s={search_term_string}","query-input":"required name=search_term_string"}}]