[{"@context":"https:\/\/schema.org\/","@type":"Article","@id":"https:\/\/www.teris.cz\/osudova-laska\/#Article","mainEntityOfPage":"https:\/\/www.teris.cz\/osudova-laska\/","headline":"Osudov\u00e1 l\u00e1ska","name":"Osudov\u00e1 l\u00e1ska","description":"Co si mysl\u00edte o l\u00e1sce? Taky m\u00e1te za to, \u017ee bez n\u00ed se ned\u00e1 \u017e\u00edt? J\u00e1 osobn\u011b si mysl\u00edm, \u017ee &hellip; ","datePublished":"2022-05-05","dateModified":"2023-05-30","author":{"@type":"Person","@id":"https:\/\/www.teris.cz\/author\/#Person","name":"","url":"https:\/\/www.teris.cz\/author\/","identifier":1,"image":{"@type":"ImageObject","@id":"https:\/\/secure.gravatar.com\/avatar\/1fd5b20daa9a47a1102459a7c733d369075d8cc724ab489feb8ed72c657d346e?s=96&d=mm&r=g","url":"https:\/\/secure.gravatar.com\/avatar\/1fd5b20daa9a47a1102459a7c733d369075d8cc724ab489feb8ed72c657d346e?s=96&d=mm&r=g","height":96,"width":96}},"publisher":{"@type":"Organization","name":"teris.cz","logo":{"@type":"ImageObject","@id":"\/logo.png","url":"\/logo.png","width":600,"height":60}},"image":{"@type":"ImageObject","@id":"https:\/\/www.teris.cz\/wp-content\/uploads\/mother-84628_640(1)_3.jpg","url":"https:\/\/www.teris.cz\/wp-content\/uploads\/mother-84628_640(1)_3.jpg","height":0,"width":0},"url":"https:\/\/www.teris.cz\/osudova-laska\/","about":["L\u00e1ska"],"wordCount":436,"articleBody":"Co si mysl\u00edte o l\u00e1sce? Taky m\u00e1te za to, \u017ee bez n\u00ed se ned\u00e1 \u017e\u00edt? J\u00e1 osobn\u011b si mysl\u00edm, \u017ee l\u00e1ska si zaslou\u017e\u00ed opravdu na\u0161i pozornost, proto\u017ee l\u00e1ska je opravdu n\u00e1dhern\u00fd cit. J\u00e1 osobn\u011b si nedok\u00e1\u017eu p\u0159edstavit \u017eivot, ani\u017e bych byla n\u011bkdy po\u0159\u00e1dn\u011b zamilovan\u00e1. A kdy\u017e u\u017e jsme u t\u00e9 zamilovanosti, byli jste n\u011bkdy po\u0159\u00e1dn\u011b zamilovan\u00ed? Nev\u00edm jak vy, ale j\u00e1 si mysl\u00edm, \u017ee \u010dlov\u011bk se nem\u016f\u017ee zamilovat v\u00edcekr\u00e1t, proto\u017ee podle m\u011b v\u0161echno m\u00e1 sv\u00e9 limity. Nebo ne? J\u00e1 osobn\u011b jsem \u010detla, \u017ee \u010dlov\u011bk se m\u016f\u017ee zamilovat po\u0159\u00e1dn\u011b pouze dvakr\u00e1t. V\u011b\u0159\u00edte tomu? Nebo co si o tom mysl\u00edte, \u017ee se \u010dlov\u011bk zamiluje pouze dvakr\u00e1t? J\u00e1 jsem sice m\u011bla u\u017e \u010dty\u0159i p\u0159\u00edtele. A v\u0161echny \u010dty\u0159i jsem opravdu milovala.Ale kdy\u017e to tak vezmu, tak kdy\u017e se po\u0159\u00e1dn\u011b zamysl\u00edm a zavzpom\u00edn\u00e1m, tak v\u00edm to, \u017ee nikoho jsem nemilovala \u00fapln\u011b stejn\u011b. V\u017edycky v tom byl n\u011bjak\u00fd rozd\u00edl nebo\u00a0v\u00fdjimka\u00a0anebo n\u011bco nav\u00edc. Po\u0159\u00e1dn\u011b si to nedok\u00e1\u017eu vysv\u011btlit, ale \u0159\u00edk\u00e1m si, \u017ee na tom asi n\u011bco bude. A podle m\u00e9ho n\u00e1zoru ale opravdu nezapomenete nikdy na svou prvn\u00ed l\u00e1sku. Sice to ale neznamen\u00e1, \u017ee tu prvn\u00ed l\u00e1sku mus\u00edte bezpodm\u00edne\u010dn\u011b milovat a \u017ee je to va\u0161e osudov\u00e1 l\u00e1ska. J\u00e1 si mysl\u00edm, \u017ee asi osudov\u00e1 l\u00e1ska bude v\u011bt\u0161inou ta, kdy\u017e vlastn\u011b zplod\u00edte\u00a0d\u00edt\u011b. Te\u010f to nemysl\u00edm tak, \u017ee kdy\u017e\u00a0zplod\u00edte\u00a0omylem d\u00edt\u011b s mu\u017eem, kter\u00e9ho m\u00e1te na jednu noc.Mysl\u00edm to t\u00edm, \u017ee ur\u010dit\u011b va\u0161e l\u00e1ska \u017eivota bude mu\u017e, se kter\u00fdm budete m\u00edt dobrovoln\u011b d\u00edt\u011b l\u00e1sky. A mysl\u00edm si, \u017ee je takov\u00e1 l\u00e1ska potom opravdu kr\u00e1sn\u00e1. A jakou pravou a\u00a0osudovou\u00a0l\u00e1sku jste pro\u017eili vy? Nebo na ni\u00a0je\u0161t\u011b\u00a0\u010dek\u00e1te. J\u00e1\u00a0jsem\u00a0jednu u\u017e\u00a0osudovou\u00a0l\u00e1sku m\u011bla, a to je otec m\u00e9ho\u00a0d\u00edt\u011bte. Nyn\u00ed ho nesn\u00e1\u0161\u00edm a nech\u00e1pu, jak jsme s n\u00edm mohla b\u00fdt. Ale v\u00edm, \u017ee jsme ho neskute\u010dn\u011b milovala, opravdu tak moc, \u017ee u\u017e\u00a0pochybuji, \u017ee se je\u0161t\u011b n\u011bkdy zamiluji tak moc.\u00a0Mysl\u00edm, \u017ee asi mo\u017en\u00e1 na m\u011b je\u0161t\u011b \u010dek\u00e1 na m\u011b\u00a0osudov\u00e1\u00a0l\u00e1ska. nebo jsme u\u017e vy\u010derpala sv\u00e9\u00a0mo\u017enosti?                                                                                                                                                                                                                                                                                                                                                                                        4.3\/5 - (3 votes)        "},{"@context":"https:\/\/schema.org\/","@type":"BreadcrumbList","itemListElement":[{"@type":"ListItem","position":1,"name":"Osudov\u00e1 l\u00e1ska","item":"https:\/\/www.teris.cz\/osudova-laska\/#breadcrumbitem"}]}]