[{"@context":"https:\/\/schema.org\/","@type":"Article","@id":"https:\/\/www.teris.cz\/o-problem-s-nepohodlim-menej\/#Article","mainEntityOfPage":"https:\/\/www.teris.cz\/o-problem-s-nepohodlim-menej\/","headline":"O probl\u00e9m s nepohodl\u00edm menej","name":"O probl\u00e9m s nepohodl\u00edm menej","description":"Akoko\u013evek sa te\u0161\u00edte na dovolenku, s\u00fa aj veci, ktor\u00e9 v\u00e1s m\u00f4\u017eu tr\u00e1pi\u0165. Ko\u013eko miesta bude na pl\u00e1\u017ei? A \u010do \u010distota? &hellip; ","datePublished":"2024-10-31","dateModified":"2024-10-31","author":{"@type":"Person","@id":"https:\/\/www.teris.cz\/author\/#Person","name":"","url":"https:\/\/www.teris.cz\/author\/","identifier":1,"image":{"@type":"ImageObject","@id":"https:\/\/secure.gravatar.com\/avatar\/1fd5b20daa9a47a1102459a7c733d369075d8cc724ab489feb8ed72c657d346e?s=96&d=mm&r=g","url":"https:\/\/secure.gravatar.com\/avatar\/1fd5b20daa9a47a1102459a7c733d369075d8cc724ab489feb8ed72c657d346e?s=96&d=mm&r=g","height":96,"width":96}},"publisher":{"@type":"Organization","name":"teris.cz","logo":{"@type":"ImageObject","@id":"\/logo.png","url":"\/logo.png","width":600,"height":60}},"url":"https:\/\/www.teris.cz\/o-problem-s-nepohodlim-menej\/","wordCount":242,"articleBody":"\tAkoko\u013evek sa te\u0161\u00edte na dovolenku, s\u00fa aj veci, ktor\u00e9 v\u00e1s m\u00f4\u017eu tr\u00e1pi\u0165. Ko\u013eko miesta bude na pl\u00e1\u017ei? A \u010do \u010distota? Pozn\u00e1te \u013eud\u00ed, ve\u013ea z nich nem\u00e1 probl\u00e9m nech\u00e1va\u0165 odpadky aj na t\u00fdch najnepo\u0161kvrnenej\u0161\u00edch miestach. Pl\u00e1\u017ee s\u00fa pln\u00e9 turistov, pln\u00e9 n\u00e1pojov, jedla \u010di cigariet. A v\u0161etko toto \u010dasto kon\u010d\u00ed na zemi, na piesku, kde si m\u00e1te rozlo\u017ei\u0165 deku a chodi\u0165 po odpadkoch? Ko\u013ekokr\u00e1t by ste si najrad\u0161ej vzali leh\u00e1tko, no nemohli ste? Jeho pren\u00e1jom neb\u00fdva pr\u00e1ve lacn\u00fd a \u010dasto u\u017e nesta\u010d\u00edte z\u00edska\u0165 ani jeden kus. Najistej\u0161ie je v\u017edy nosi\u0165 pohodlie so sebou. A s nafukovacou seda\u010dkou to p\u00f4jde ve\u013emi jednoducho! Sta\u010d\u00ed v\u00e1m aj mal\u00e1 bato\u017eina alebo si ju pribal\u00edte k batohu. Mal\u00e9 vrec\u00fa\u0161ko, ktor\u00e9 zmen\u00ed ka\u017ed\u00fd v\u00fdlet, preto\u017ee si sedenie roztiahnete kdeko\u013evek a kedyko\u013evek!\tPohodlie m\u00e1 odteraz svoje tvaryAko si predstav\u00edte stelesnen\u00e9 pohodlie? Ako poste\u013e \u010di seda\u010dku? A\u00a0\u010do nafukovac\u00ed lazybag? Vzduchom plnen\u00fd vak v\u00e1s o\u010dar\u00ed svojou jednoduchos\u0165ou, \u0161irokospektr\u00e1lnym vyu\u017eit\u00edm a\u00a0pote\u0161\u00ed aj farbou, aby ste si svoj pohodln\u00fd vak neplietli s\u00a0vakmi kamar\u00e1tov. Na cest\u00e1ch je v\u017edy najlep\u0161ie ma\u0165 svoj k\u00fatik a\u00a0pom\u00f4cky, v\u010faka ktor\u00fdm nebudete potrebova\u0165 ku \u0161\u0165astiu u\u017e ni\u010d.                                                                                                                                                                                                                                                                                                                                                                                        4.5\/5 - (4 votes)        "},{"@context":"https:\/\/schema.org\/","@type":"BreadcrumbList","itemListElement":[{"@type":"ListItem","position":1,"name":"O probl\u00e9m s nepohodl\u00edm menej","item":"https:\/\/www.teris.cz\/o-problem-s-nepohodlim-menej\/#breadcrumbitem"}]}]