[{"@context":"https:\/\/schema.org\/","@type":"Article","@id":"https:\/\/www.teris.cz\/jake-vyhody-ma-doma-pestovana-zelenina\/#Article","mainEntityOfPage":"https:\/\/www.teris.cz\/jake-vyhody-ma-doma-pestovana-zelenina\/","headline":"Jak\u00e9 v\u00fdhody m\u00e1 doma p\u011bstovan\u00e1 zelenina","name":"Jak\u00e9 v\u00fdhody m\u00e1 doma p\u011bstovan\u00e1 zelenina","description":"Dnes je snem prakticky ka\u017ed\u00e9ho m\u00edt sv\u016fj vlastn\u00ed pozemek, alespo\u0148 malou zahr\u00e1dku. V\u011bt\u0161ina z\u00a0n\u00e1s si pak p\u0159edstavuje, \u017ee na n\u00ed &hellip; ","datePublished":"2023-11-05","dateModified":"2023-11-05","author":{"@type":"Person","@id":"https:\/\/www.teris.cz\/author\/#Person","name":"","url":"https:\/\/www.teris.cz\/author\/","identifier":1,"image":{"@type":"ImageObject","@id":"https:\/\/secure.gravatar.com\/avatar\/1fd5b20daa9a47a1102459a7c733d369075d8cc724ab489feb8ed72c657d346e?s=96&d=mm&r=g","url":"https:\/\/secure.gravatar.com\/avatar\/1fd5b20daa9a47a1102459a7c733d369075d8cc724ab489feb8ed72c657d346e?s=96&d=mm&r=g","height":96,"width":96}},"publisher":{"@type":"Organization","name":"teris.cz","logo":{"@type":"ImageObject","@id":"\/logo.png","url":"\/logo.png","width":600,"height":60}},"image":{"@type":"ImageObject","@id":"https:\/\/www.teris.cz\/wp-content\/uploads\/zemedelstvi2_7.jpg","url":"https:\/\/www.teris.cz\/wp-content\/uploads\/zemedelstvi2_7.jpg","height":0,"width":0},"url":"https:\/\/www.teris.cz\/jake-vyhody-ma-doma-pestovana-zelenina\/","about":["Zahrada a d\u016fm"],"wordCount":453,"articleBody":"Dnes je snem prakticky ka\u017ed\u00e9ho m\u00edt sv\u016fj vlastn\u00ed pozemek, alespo\u0148 malou zahr\u00e1dku. V\u011bt\u0161ina z\u00a0n\u00e1s si pak p\u0159edstavuje, \u017ee na n\u00ed bude n\u011bco p\u011bstovat. Koneckonc\u016f v\u00a0na\u0161em podneb\u00ed se da\u0159\u00ed cel\u00e9mu mno\u017estv\u00ed plodin \u2013 m\u016f\u017eeme m\u00edt vlastn\u00ed mrkev, hr\u00e1\u0161ek, kuku\u0159ici, kedlubny a mnoho dal\u0161\u00edho. A to rozhodn\u011b nen\u00ed bezpracn\u00e9, zvl\u00e1\u0161t\u011b pokud chceme co nejvy\u0161\u0161\u00ed v\u00fdnosy. Je v\u0161ak pravdou, \u017ee oproti t\u011bm kupovan\u00fdm maj\u00ed rozhodn\u011b sv\u00e9 v\u00fdhody, a o t\u011bch je dobr\u00e9 v\u011bd\u011bt.\u00a0Tou prvn\u00ed je, \u017ee je nebudeme vyb\u00edrat pouze podle vzhledu. V\u00a0zelin\u00e1\u0159sk\u00e9m pr\u016fmyslu je toti\u017e b\u011b\u017en\u00e9, \u017ee se ty kousky, kter\u00e9 nevypadaj\u00ed nejl\u00e9pe, z\u00a0prodeje vy\u0159ad\u00ed. Pou\u017eij\u00ed se pak jako krmivo pro zv\u00ed\u0159ata, i kdy\u017e jsou chu\u0165ov\u011b a v\u00fd\u017eivov\u011b stejn\u011b dobr\u00e9, jako ostatn\u00ed kousky. Je to v\u0161ak proto, \u017ee by je z\u00e1kazn\u00edci p\u0159\u00edli\u0161 nekupovali, a tak by na pultech shnila. Kdy\u017e si v\u0161ak vyp\u011bstujeme vlastn\u00ed, pak toto odpadne. M\u016f\u017eeme zpracovat v\u0161e, co n\u00e1m na zahrad\u011b vyroste.\u00a0\u00a0D\u00e1le je tu fakt, \u017ee v\u00edme, jak byla p\u011bstov\u00e1na. V\u00edme, jak\u00e1 hnojiva \u010di pesticidy byly pou\u017eity, a zda v\u016fbec. Tak\u00e9 zde nem\u00e1me \u017e\u00e1dn\u00e9 konzerva\u010dn\u00ed l\u00e1tky, kter\u00e9 jsou jinak nutn\u00e9, aby zelenina p\u0159e\u010dkala v\u00a0dobr\u00e9m stavu p\u0159epravu, skladov\u00e1n\u00ed i n\u011bkolik dn\u00ed v\u00a0obchod\u011b. Kdy\u017e si ji vyp\u011bstujeme sami, m\u016f\u017eeme si ji zakonzervovat tak, jak chceme, a to za pou\u017eit\u00ed p\u0159\u00edrodn\u00edch l\u00e1tek. To je zvl\u00e1\u0161t\u011b vhodn\u00e9 pro alergiky. Ukazuje se toti\u017e, \u017ee \u010dasto nen\u00ed p\u016fvodcem alergie produkt samotn\u00fd, n\u00fdbr\u017e l\u00e1tky, kter\u00e9 se pou\u017e\u00edvaj\u00ed pro jeho p\u011bstov\u00e1n\u00ed \u010di konzervaci.\u00a0\u00a0V\u00a0neposledn\u00ed \u0159ad\u011b tu jde i o pen\u00edze, i kdy\u017e zde to nen\u00ed ani zdaleka tak jasn\u00e9, jak by se mohlo zd\u00e1t. Jist\u011b, zaplat\u00edme v\u00a0podstat\u011b pouze za semena, av\u0161ak mus\u00edme p\u0159ipo\u010d\u00edtat i cenu vody, hnojiv a dal\u0161\u00edch v\u011bc\u00ed, kter\u00e9 budeme pou\u017e\u00edvat. A v\u011b\u0159te, \u017ee vody bude pot\u0159eba hodn\u011b, zvl\u00e1\u0161t\u011b v\u00a0hork\u00e9m, such\u00e9m l\u00e9t\u011b. A to p\u0159i dne\u0161n\u00edch cen\u00e1ch celkovou \u010d\u00e1stku zna\u010dn\u011b zvedne. I tak v\u0161ak s\u00a0nejv\u011bt\u0161\u00ed pravd\u011bpodobnost\u00ed rodinn\u00e9mu rozpo\u010dtu alespo\u0148 trochu uleh\u010d\u00edme.\u00a0Je tedy vid\u011bt, \u017ee m\u00edt na zahrad\u011b alespo\u0148 mal\u00fd z\u00e1honek se vyplat\u00ed. V\u011b\u0159te toti\u017e, \u017ee radost nad \u010derstv\u011b vyta\u017eenou mrkv\u00ed, o kter\u00e9 v\u00edte, \u017ee jste ji vyp\u011bstovali sami od sem\u00ednka, nic nenahrad\u00ed.                                                                                                                                                                                                                                                                                                                                                                                        5\/5 - (1 vote)        "},{"@context":"https:\/\/schema.org\/","@type":"BreadcrumbList","itemListElement":[{"@type":"ListItem","position":1,"name":"Jak\u00e9 v\u00fdhody m\u00e1 doma p\u011bstovan\u00e1 zelenina","item":"https:\/\/www.teris.cz\/jake-vyhody-ma-doma-pestovana-zelenina\/#breadcrumbitem"}]}]