[{"@context":"https:\/\/schema.org\/","@type":"Article","@id":"https:\/\/www.teris.cz\/jak-vybirame-mycku\/#Article","mainEntityOfPage":"https:\/\/www.teris.cz\/jak-vybirame-mycku\/","headline":"Jak vyb\u00edr\u00e1me my\u010dku?","name":"Jak vyb\u00edr\u00e1me my\u010dku?","description":"Kdy\u017e se chyst\u00e1me koupit pro na\u0161i kuchyni takov\u00e9 d\u016fle\u017eit\u00e9 za\u0159\u00edzen\u00ed, jak\u00fdm je nov\u00e1 my\u010dka, mus\u00edme vyb\u00edrat pe\u010dliv\u011b. V obchodech je &hellip; ","datePublished":"2025-03-21","dateModified":"2025-03-21","author":{"@type":"Person","@id":"https:\/\/www.teris.cz\/author\/#Person","name":"","url":"https:\/\/www.teris.cz\/author\/","identifier":1,"image":{"@type":"ImageObject","@id":"https:\/\/secure.gravatar.com\/avatar\/1fd5b20daa9a47a1102459a7c733d369075d8cc724ab489feb8ed72c657d346e?s=96&d=mm&r=g","url":"https:\/\/secure.gravatar.com\/avatar\/1fd5b20daa9a47a1102459a7c733d369075d8cc724ab489feb8ed72c657d346e?s=96&d=mm&r=g","height":96,"width":96}},"publisher":{"@type":"Organization","name":"teris.cz","logo":{"@type":"ImageObject","@id":"\/logo.png","url":"\/logo.png","width":600,"height":60}},"image":{"@type":"ImageObject","@id":"https:\/\/www.teris.cz\/wp-content\/uploads\/img_a333574_w2744_t1547026911.jpg","url":"https:\/\/www.teris.cz\/wp-content\/uploads\/img_a333574_w2744_t1547026911.jpg","height":0,"width":0},"url":"https:\/\/www.teris.cz\/jak-vybirame-mycku\/","wordCount":437,"articleBody":"Kdy\u017e se chyst\u00e1me koupit pro na\u0161i kuchyni takov\u00e9 d\u016fle\u017eit\u00e9 za\u0159\u00edzen\u00ed, jak\u00fdm je nov\u00e1 my\u010dka, mus\u00edme vyb\u00edrat pe\u010dliv\u011b. V obchodech je dnes velk\u00fd v\u00fdb\u011br r\u016fzn\u00fdch model\u016f a my chceme zvolit pro na\u0161i dom\u00e1cnost samoz\u0159ejm\u011b tu nejvhodn\u011bj\u0161\u00ed. Jak na to? A co p\u0159ed n\u00e1kupem o my\u010dk\u00e1ch v\u011bd\u011bt? P\u0159in\u00e1\u0161\u00edme p\u00e1r tip\u016f.\t\tCo se vlastn\u011b uvnit\u0159 d\u011bje\t1.\u00a0\u00a0\u00a0\u00a0 \u00a0n\u00e1dob\u00ed je opl\u00e1chnuto a jsou odstran\u011bny nejv\u011bt\u0161\u00ed ne\u010distoty\t2.\u00a0\u00a0\u00a0\u00a0 \u00a0prob\u00edh\u00e1 hlavn\u00ed myc\u00ed proces s teplou vodou a \u010dist\u00edc\u00edm prost\u0159edkem\t3.\u00a0\u00a0\u00a0\u00a0 \u00a0pak se n\u011bkolikr\u00e1t opl\u00e1chne, posledn\u00ed opl\u00e1chnut\u00ed je s le\u0161t\u00edc\u00edm p\u0159\u00edpravkem\t4.\u00a0\u00a0\u00a0\u00a0 \u00a0na z\u00e1v\u011br je n\u00e1dob\u00ed usu\u0161eno, le\u0161tidlo zajist\u00ed, \u017ee voda z n\u011bj snadno sklouzne\t\tJak\u00e9 jsou z\u00e1kladn\u00ed typy my\u010dek\tmy\u010dka stoln\u00ed \u2013 m\u00e1 men\u0161\u00ed kapacitu, tak\u017ee j\u00ed vyu\u017eij\u00ed hlavn\u011b men\u0161\u00ed rodiny a dom\u00e1cnosti o dvou \u010dlenech (pro dva je tato velikost ide\u00e1ln\u00ed volbou), tak\u00e9 se pou\u017e\u00edvaj\u00ed v z\u00e1zem\u00ed mal\u00fdch provoz\u016f nebo kancel\u00e1\u0159\u00ed, na kuchy\u0148skou linku se stav\u00ed, neza\u010dle\u0148uj\u00ed se do n\u00ed\tmy\u010dka vestav\u011bn\u00e1 \u2013 tak ty se naopak do linek umis\u0165uj\u00ed, vhodn\u00e9 jsou tam, kde by p\u0159\u00edli\u0161 n\u00e1padn\u00e1 za\u0159\u00edzen\u00ed naru\u0161ovala design kuchyn\u00ed\tmy\u010dka voln\u011b stoj\u00edc\u00ed \u2013 stoj\u00ed v kuchyn\u00edch na sv\u00e9m samostatn\u00e9m m\u00edst\u011b, samoz\u0159ejm\u011b tam, kde je k dispozici p\u0159ipojen\u00ed na elektrickou s\u00ed\u0165, vodu a odpad, n\u011bkter\u00e9 jsou vyrobeny tak, \u017ee je mo\u017en\u00e9 je zasouvat pod kuchy\u0148sk\u00e9 linky\t\u00a0\tJakou maj\u00ed spot\u0159ebu\tSpot\u0159ebu elektrick\u00e9 energie my\u010dek ur\u010duje tak, jak je tomu i u jin\u00fdch spot\u0159ebi\u010d\u016f, jejich energetick\u00e1 t\u0159\u00edda. V sou\u010dasn\u00e9 dob\u011b lze na na\u0161em trhu zakoupit jen modely A+ a vy\u0161\u0161\u00ed. Ta nejvy\u0161\u0161\u00ed je A+++. Spot\u0159ebi\u010de t\u00e9to kategorie maj\u00ed ro\u010dn\u00ed spot\u0159ebu cca 170 kWh.\tPokud jde o spot\u0159ebu vody, pot\u0159ebuj\u00ed j\u00ed my\u010dky m\u00e9n\u011b, ne\u017e j\u00ed pou\u017eijeme p\u0159i ru\u010dn\u00edm myt\u00ed! Modely my\u010dek, kter\u00e9 berou ke sv\u00e9 pr\u00e1ci vody nejv\u00edce j\u00ed spot\u0159ebuj\u00ed cca 4 000 litr\u016f ro\u010dn\u011b, co\u017e je na jedno myt\u00ed cca 14 litr\u016f. P\u0159i jednom ru\u010dn\u00edm myt\u00ed pou\u017eijeme a\u017e 40 litr\u016f. Pokud ov\u0161em zvol\u00edme ohledn\u011b vody \u00fasporn\u011bj\u0161\u00ed my\u010dku, bude vody pot\u0159ebovat je\u0161t\u011b mnohem m\u00e9n\u011b. N\u011bkter\u00fdm model\u016fm sta\u010d\u00ed jen 1 600 litr\u016f ro\u010dn\u011b.\tMy\u010dky prost\u011b \u0161et\u0159\u00ed pr\u00e1ci, \u010das a pen\u00edze.                                                                                                                                                                                                                                                                                                                                                                                        4.8\/5 - (9 votes)        "},{"@context":"https:\/\/schema.org\/","@type":"BreadcrumbList","itemListElement":[{"@type":"ListItem","position":1,"name":"Jak vyb\u00edr\u00e1me my\u010dku?","item":"https:\/\/www.teris.cz\/jak-vybirame-mycku\/#breadcrumbitem"}]}]